{"id":149744,"date":"2026-09-01T20:26:10","date_gmt":"2026-09-01T23:26:10","guid":{"rendered":"https:\/\/www.gapp-oil.com.ar\/?p=149744"},"modified":"2026-09-03T20:26:52","modified_gmt":"2026-09-03T23:26:52","slug":"incorporaciones-y-capacitaciones-las-condiciones-acordadas-para-la-reactivacion-de-calcatreu","status":"publish","type":"post","link":"https:\/\/gapp-oil.com.ar\/en\/2026\/09\/01\/incorporaciones-y-capacitaciones-las-condiciones-acordadas-para-la-reactivacion-de-calcatreu\/","title":{"rendered":"Incorporaciones y capacitaciones: las condiciones acordadas para la reactivaci\u00f3n de Calcatreu"},"content":{"rendered":"<p>La actividad en la mina\u00a0<strong>Calcatreu<\/strong>\u00a0volver\u00e1 a ponerse en marcha despu\u00e9s de casi una semana de parate. El\u00a0<strong>Gobierno de R\u00edo Negro<\/strong>\u00a0y\u00a0<strong>Patagonia Gold<\/strong>\u00a0alcanzaron este mi\u00e9rcoles un acuerdo para destrabar el conflicto por el empleo local que hab\u00eda derivado en la suspensi\u00f3n de las tareas, con un entendimiento que se firma en\u00a0<strong>Ingeniero Jacobacci<\/strong>\u00a0y que contempla nuevas incorporaciones de trabajadores rionegrinos, un programa de capacitaci\u00f3n y un mayor control sobre las condiciones de higiene y seguridad en el yacimiento, ubicado al sur de esa localidad.<\/p>\n<p>El origen del conflicto se remonta al jueves pasado, cuando la Provincia sorprendi\u00f3 con la paralizaci\u00f3n del yacimiento para exigir el cumplimiento de la\u00a0<strong>Ley 5.804<\/strong>, conocida como\u00a0<strong>80\/20<\/strong>, que fija la prioridad de contrataci\u00f3n de mano de obra rionegrina. De acuerdo con la\u00a0<strong>Secretar\u00eda de Trabajo<\/strong>, la ocupaci\u00f3n provincial en el proyecto llegaba al\u00a0<strong>71%<\/strong>, por debajo del piso que establece la norma.<\/p>\n<p>Con sus propios n\u00fameros, la empresa hab\u00eda rechazado ese diagn\u00f3stico. Patagonia Gold inform\u00f3 que cuenta con\u00a0<strong>233 empleados directos<\/strong>, de los cuales\u00a0<strong>175 son residentes de R\u00edo Negro<\/strong>\u00a0y\u00a0<strong>109 viven en Jacobacci<\/strong>, una composici\u00f3n que, seg\u00fan su lectura, eleva la proporci\u00f3n de rionegrinos al\u00a0<strong>75%<\/strong>. La compa\u00f1\u00eda sostuvo adem\u00e1s que la generaci\u00f3n de capacidades y experiencia minera local &#8220;es un proceso progresivo y constituye una oportunidad&#8221;, y que la cobertura de cada posici\u00f3n &#8220;se realizar\u00e1 de acuerdo con las necesidades propias de cada etapa&#8221; del proyecto.<\/p>\n<figure class=\"multimedia\" data-tadevel-template=\"web\/multimedia\" data-type=\"photo\">\n<div class=\"content\">\n<div class=\"sizer\" data-sizer=\"aspect-ratio\" data-tadevel-template=\"web\/aspect-ratio\"><\/div>\n<\/div>\n<\/figure>\n<h3>Qu\u00e9 incluye el acuerdo<\/h3>\n<p>El compromiso central que ordena el nuevo esquema establece que\u00a0<strong>Patagonia Gold no podr\u00e1 incorporar trabajadores de otras provincias hasta agotar la b\u00fasqueda de mano de obra rionegrina<\/strong>\u00a0a trav\u00e9s del\u00a0<strong>Servicio de Empleo<\/strong>. El mecanismo apunta a evitar que la operadora recurra de manera directa a personal de afuera cuando existan postulantes locales en condiciones de cubrir los puestos, el punto exacto que hab\u00eda motivado la intervenci\u00f3n estatal.<\/p>\n<p>Mientras el n\u00famero definitivo de incorporaciones todav\u00eda se negociaba en Jacobacci entre la titular de Trabajo,\u00a0<strong>Martha Avilez<\/strong>, y el CEO de Patagonia Gold,\u00a0<strong>Christopher van Tienhoven<\/strong>, qued\u00f3 cerrado un programa de\u00a0<strong>capacitaci\u00f3n para otros 30 trabajadores<\/strong>, con formaci\u00f3n te\u00f3rica y pr\u00e1ctica y el pago de un est\u00edmulo a cada participante. La empresa, adem\u00e1s, deber\u00e1 presentar un plan para readecuar los aspectos de\u00a0<strong>higiene y seguridad<\/strong>\u00a0observados.<\/p>\n<p>El entendimiento contempla tambi\u00e9n la reactivaci\u00f3n de una &#8220;<strong>mesa local<\/strong>&#8221; que sumar\u00e1 a la comunidad mapuche\u00a0<strong>Pe\u00f1i Mapu<\/strong>\u00a0a los actores que ya ven\u00edan participando \u2014la Provincia, la empresa, el municipio y los gremios\u2014, en un intento por sostener el di\u00e1logo m\u00e1s all\u00e1 de la coyuntura del parate.<\/p>\n<p>Con ese esquema sobre la mesa, la Secretar\u00eda de Trabajo levantar\u00eda de forma provisoria la suspensi\u00f3n y habilitar\u00eda el regreso a la actividad, aunque bajo un seguimiento estatal sobre el cumplimiento de los compromisos asumidos. La cartera laboral mantendr\u00e1 el monitoreo tanto sobre las nuevas contrataciones como sobre las condiciones de seguridad.<\/p>\n<p>Primera operaci\u00f3n metal\u00edfera moderna de R\u00edo Negro y punta de lanza de la cartera minera que impulsa la provincia,\u00a0<strong>Calcatreu<\/strong>\u00a0vuelve a operar con la discusi\u00f3n de fondo abierta: cu\u00e1ntos de los puestos que el Estado rionegrino reclama como propios podr\u00e1 cubrir efectivamente con mano de obra local. La definici\u00f3n del n\u00famero final de incorporaciones y el resultado del monitoreo marcar\u00e1n si el acuerdo alcanzado en Jacobacci resuelve el conflicto o solo lo posterga.<\/p>\n","protected":false},"excerpt":{"rendered":"<p>La actividad en la mina\u00a0Calcatreu\u00a0volver\u00e1 a ponerse en marcha despu\u00e9s de casi una semana de parate. El\u00a0Gobierno de R\u00edo Negro\u00a0y\u00a0Patagonia Gold\u00a0alcanzaron este mi\u00e9rcoles un acuerdo para destrabar el conflicto por el empleo local que hab\u00eda derivado en la suspensi\u00f3n de las tareas, con un entendimiento que se firma en\u00a0Ingeniero Jacobacci\u00a0y que contempla nuevas incorporaciones de [&hellip;]<\/p>\n","protected":false},"author":336,"featured_media":0,"comment_status":"closed","ping_status":"closed","sticky":false,"template":"","format":"standard","meta":{"footnotes":""},"categories":[1],"tags":[],"novedades-gapp-noticias":[],"lineas-trabajo-noticias":[],"industrias-noticias":[397,395],"mercados-noticias":[1358,425],"class_list":["post-149744","post","type-post","status-publish","format-standard","hentry","industrias-noticias-mineria-metalifera","industrias-noticias-mineria-litio","mercados-noticias-america-del-sur","mercados-noticias-argentina"],"_links":{"self":[{"href":"https:\/\/gapp-oil.com.ar\/en\/wp-json\/wp\/v2\/posts\/149744","targetHints":{"allow":["GET"]}}],"collection":[{"href":"https:\/\/gapp-oil.com.ar\/en\/wp-json\/wp\/v2\/posts"}],"about":[{"href":"https:\/\/gapp-oil.com.ar\/en\/wp-json\/wp\/v2\/types\/post"}],"author":[{"embeddable":true,"href":"https:\/\/gapp-oil.com.ar\/en\/wp-json\/wp\/v2\/users\/336"}],"replies":[{"embeddable":true,"href":"https:\/\/gapp-oil.com.ar\/en\/wp-json\/wp\/v2\/comments?post=149744"}],"version-history":[{"count":1,"href":"https:\/\/gapp-oil.com.ar\/en\/wp-json\/wp\/v2\/posts\/149744\/revisions"}],"predecessor-version":[{"id":149745,"href":"https:\/\/gapp-oil.com.ar\/en\/wp-json\/wp\/v2\/posts\/149744\/revisions\/149745"}],"wp:attachment":[{"href":"https:\/\/gapp-oil.com.ar\/en\/wp-json\/wp\/v2\/media?parent=149744"}],"wp:term":[{"taxonomy":"category","embeddable":true,"href":"https:\/\/gapp-oil.com.ar\/en\/wp-json\/wp\/v2\/categories?post=149744"},{"taxonomy":"post_tag","embeddable":true,"href":"https:\/\/gapp-oil.com.ar\/en\/wp-json\/wp\/v2\/tags?post=149744"},{"taxonomy":"novedades-gapp-noticias","embeddable":true,"href":"https:\/\/gapp-oil.com.ar\/en\/wp-json\/wp\/v2\/novedades-gapp-noticias?post=149744"},{"taxonomy":"lineas-trabajo-noticias","embeddable":true,"href":"https:\/\/gapp-oil.com.ar\/en\/wp-json\/wp\/v2\/lineas-trabajo-noticias?post=149744"},{"taxonomy":"industrias-noticias","embeddable":true,"href":"https:\/\/gapp-oil.com.ar\/en\/wp-json\/wp\/v2\/industrias-noticias?post=149744"},{"taxonomy":"mercados-noticias","embeddable":true,"href":"https:\/\/gapp-oil.com.ar\/en\/wp-json\/wp\/v2\/mercados-noticias?post=149744"}],"curies":[{"name":"wp","href":"https:\/\/api.w.org\/{rel}","templated":true}]}}